{"id":1232,"date":"2011-02-22T10:16:00","date_gmt":"2011-02-22T09:16:00","guid":{"rendered":"https:\/\/www.slavonski-planinari.hr\/arhiva\/?p=1232"},"modified":"2023-01-02T10:19:36","modified_gmt":"2023-01-02T09:19:36","slug":"odrzana-sjednica-upravnog-odbora-sps-a","status":"publish","type":"post","link":"https:\/\/www.slavonski-planinari.hr\/arhiva\/odrzana-sjednica-upravnog-odbora-sps-a\/","title":{"rendered":"Odr\u017eana sjednica Upravnog odbora SPS-a"},"content":{"rendered":"<p>[et_pb_section fb_built=&#8221;1&#8243; _builder_version=&#8221;4.19.4&#8243; _module_preset=&#8221;default&#8221; custom_padding=&#8221;4px||72px|||&#8221; global_colors_info=&#8221;{}&#8221; theme_builder_area=&#8221;post_content&#8221;][et_pb_row _builder_version=&#8221;4.19.4&#8243; _module_preset=&#8221;default&#8221; global_colors_info=&#8221;{}&#8221; theme_builder_area=&#8221;post_content&#8221;][et_pb_column type=&#8221;4_4&#8243; _builder_version=&#8221;4.19.4&#8243; _module_preset=&#8221;default&#8221; global_colors_info=&#8221;{}&#8221; theme_builder_area=&#8221;post_content&#8221;][et_pb_text _builder_version=&#8221;4.19.4&#8243; _module_preset=&#8221;default&#8221; hover_enabled=&#8221;0&#8243; global_colors_info=&#8221;{}&#8221; theme_builder_area=&#8221;post_content&#8221; sticky_enabled=&#8221;0&#8243;]<\/p>\n<div class=\"itemIntroText\">\n<p style=\"text-align: justify;\"><img loading=\"lazy\" decoding=\"async\" src=\"https:\/\/www.slavonski-planinari.hr\/arhiva\/wp-content\/uploads\/2023\/01\/23022011_ui_2.jpg\" width=\"100\" height=\"71\" alt=\"\" class=\"wp-image-1235 alignleft size-full\" \/>Dana 16. velja\u010de o.g. odr\u017eana je sjednica Upravnog odbora SPS-a u Planinarskom domu &#8220;\u0110uro Pilar&#8221;. Na sjednici je utvr\u0111ena nova, korigirana trasa Slavonskog planinarskog puta, dogovorena redovita godi\u0161nja skup\u0161tina SPS-a, te odr\u017eavanje te\u010daja za kori\u0161tenje GPS ure\u0111aja.<\/p>\n<\/div>\n<div class=\"itemFullText\">\n<p style=\"text-align: justify;\">\n<p style=\"text-align: justify;\">Na sjednici Upravnog odbora SPS \u2013 a dogovorena je redovita godi\u0161nja skup\u0161tina SPS-a. Sjednica \u0107e se odr\u017eati 19. o\u017eujka o.g. u Planinarskom domu &#8220;\u0110uro Pilar&#8221;. Skup\u0161tina \u0107e razmotriti Izvje\u0161taj o radu i financijski izvje\u0161taj SPS \u2013 a za 2010.g., Program rada i financijski plan za 2011.g., te prijedloge Statuta SPS-a, Poslovnika o radu skup\u0161tine, te Pravilnika o dodjeli priznanja.<\/p>\n<p><img loading=\"lazy\" decoding=\"async\" src=\"https:\/\/www.slavonski-planinari.hr\/arhiva\/wp-content\/uploads\/2023\/01\/23022011_ui_1.jpg\" width=\"671\" height=\"457\" alt=\"\" class=\"wp-image-1234 aligncenter size-full\" srcset=\"https:\/\/www.slavonski-planinari.hr\/arhiva\/wp-content\/uploads\/2023\/01\/23022011_ui_1.jpg 671w, https:\/\/www.slavonski-planinari.hr\/arhiva\/wp-content\/uploads\/2023\/01\/23022011_ui_1-480x327.jpg 480w\" sizes=\"(min-width: 0px) and (max-width: 480px) 480px, (min-width: 481px) 671px, 100vw\" \/><\/p>\n<p style=\"text-align: justify;\">Uskoro \u0107e biti objavljeni svi podaci o korigiranoj trasi SPP-a, nova kvalitetna karta puta, te drugi podaci interesantni planinarima koji \u017eele obi\u0107i SPP.<\/p>\n<\/div>\n<p>[\/et_pb_text][\/et_pb_column][\/et_pb_row][\/et_pb_section]<\/p>\n","protected":false},"excerpt":{"rendered":"<p>Dana 16. velja\u010de o.g. odr\u017eana je sjednica Upravnog odbora SPS-a u Planinarskom domu &#8220;\u0110uro Pilar&#8221;. Na sjednici je utvr\u0111ena nova, korigirana trasa Slavonskog planinarskog puta, dogovorena redovita godi\u0161nja skup\u0161tina SPS-a, te odr\u017eavanje te\u010daja za kori\u0161tenje GPS ure\u0111aja. Na sjednici Upravnog odbora SPS \u2013 a dogovorena je redovita godi\u0161nja skup\u0161tina SPS-a. Sjednica \u0107e se odr\u017eati 19. [&hellip;]<\/p>\n","protected":false},"author":1,"featured_media":0,"comment_status":"closed","ping_status":"open","sticky":false,"template":"","format":"standard","meta":{"_et_pb_use_builder":"on","_et_pb_old_content":"","_et_gb_content_width":"1080","footnotes":""},"categories":[25],"tags":[],"class_list":["post-1232","post","type-post","status-publish","format-standard","hentry","category-25"],"_links":{"self":[{"href":"https:\/\/www.slavonski-planinari.hr\/arhiva\/wp-json\/wp\/v2\/posts\/1232","targetHints":{"allow":["GET"]}}],"collection":[{"href":"https:\/\/www.slavonski-planinari.hr\/arhiva\/wp-json\/wp\/v2\/posts"}],"about":[{"href":"https:\/\/www.slavonski-planinari.hr\/arhiva\/wp-json\/wp\/v2\/types\/post"}],"author":[{"embeddable":true,"href":"https:\/\/www.slavonski-planinari.hr\/arhiva\/wp-json\/wp\/v2\/users\/1"}],"replies":[{"embeddable":true,"href":"https:\/\/www.slavonski-planinari.hr\/arhiva\/wp-json\/wp\/v2\/comments?post=1232"}],"version-history":[{"count":0,"href":"https:\/\/www.slavonski-planinari.hr\/arhiva\/wp-json\/wp\/v2\/posts\/1232\/revisions"}],"wp:attachment":[{"href":"https:\/\/www.slavonski-planinari.hr\/arhiva\/wp-json\/wp\/v2\/media?parent=1232"}],"wp:term":[{"taxonomy":"category","embeddable":true,"href":"https:\/\/www.slavonski-planinari.hr\/arhiva\/wp-json\/wp\/v2\/categories?post=1232"},{"taxonomy":"post_tag","embeddable":true,"href":"https:\/\/www.slavonski-planinari.hr\/arhiva\/wp-json\/wp\/v2\/tags?post=1232"}],"curies":[{"name":"wp","href":"https:\/\/api.w.org\/{rel}","templated":true}]}}