{"id":1202,"date":"2022-12-30T14:08:22","date_gmt":"2022-12-30T13:08:22","guid":{"rendered":"https:\/\/www.slavonski-planinari.hr\/arhiva\/?p=1202"},"modified":"2023-02-15T13:56:35","modified_gmt":"2023-02-15T12:56:35","slug":"vinkovo-u-iloku","status":"publish","type":"post","link":"https:\/\/www.slavonski-planinari.hr\/arhiva\/vinkovo-u-iloku\/","title":{"rendered":"\u201eVINKOVO U ILOKU\u201c"},"content":{"rendered":"\n[et_pb_section fb_built=&#8221;1&#8243; admin_label=&#8221;section&#8221; _builder_version=&#8221;4.16&#8243; global_colors_info=&#8221;{}&#8221; theme_builder_area=&#8221;post_content&#8221; custom_padding=&#8221;13px|||||&#8221;][et_pb_row admin_label=&#8221;row&#8221; _builder_version=&#8221;4.16&#8243; background_size=&#8221;initial&#8221; background_position=&#8221;top_left&#8221; background_repeat=&#8221;repeat&#8221; global_colors_info=&#8221;{}&#8221; theme_builder_area=&#8221;post_content&#8221;][et_pb_column type=&#8221;4_4&#8243; _builder_version=&#8221;4.16&#8243; custom_padding=&#8221;|||&#8221; global_colors_info=&#8221;{}&#8221; custom_padding__hover=&#8221;|||&#8221; theme_builder_area=&#8221;post_content&#8221;][et_pb_text admin_label=&#8221;Text&#8221; _builder_version=&#8221;4.19.4&#8243; background_size=&#8221;initial&#8221; background_position=&#8221;top_left&#8221; background_repeat=&#8221;repeat&#8221; width=&#8221;99.8%&#8221; custom_padding=&#8221;7px|||||&#8221; hover_enabled=&#8221;0&#8243; global_colors_info=&#8221;{}&#8221; theme_builder_area=&#8221;post_content&#8221; sticky_enabled=&#8221;0&#8243;]<p style=\"text-align: center;\">HRVATSKO PLANINARSKO DRU\u0160TVO \u201eLISKA\u201c ILOK<\/p>\n<p style=\"text-align: center;\">poziva vas na<\/p>\n<p style=\"text-align: center;\">\u201eVINKOVO U ILOKU\u201c<br \/>21. sije\u010dnja 2023. godine<\/p>\n<p>Program manifestacije:<br \/>SUBOTA, 21.1.2023.<br \/>8:30 \u2013 okupljanje na startu Vukovo (300 m nakon skretanja sa obilaznice prema ekonomiji<br \/>Vukovo) uz okrijepu: kruha i masti te pekmeza, kava, \u010daj, rakija<br \/>9:00 \u2013 polazak na planinarski izlet prema vidikovcu Skandala i vrhu Liska<br \/>Ruta: Vukovo \u2013 Kri\u017e \u2013 vidikovac Skandala (kontrolna to\u010dka u HPO) \u2013 vrh Liska \u2013 Mala<br \/>Kanji\u017ea \u2013 Vukovo (14 km)<br \/>14:00 &#8211; Predvi\u0111eni zavr\u0161etak u parku kod dunavske obale blizu hotela Dunav gdje se odr\u017eava<br \/>pokladni sajam (degustacija ilo\u010dkih vina i gastro ponuda s tradicijskim jelima uz tambura\u0161e)<br \/>te do\u010dek pokladnih jaha\u010da<br \/>Opremu i odje\u0107u ponijeti prilago\u0111enu vremenskim uvjetima.<\/p>\n<p>Kontakt: 095 899 1242 \u2013 Marko Kevo, hpdliska@gmail.com<\/p>\n<p style=\"text-align: right;\">Marko Kevo<br \/>Predsjednik HPD Liska Ilok<\/p>[\/et_pb_text][\/et_pb_column][\/et_pb_row][\/et_pb_section]\n","protected":false},"excerpt":{"rendered":"<p>HRVATSKO PLANINARSKO DRU\u0160TVO \u201eLISKA\u201c ILOK poziva vas na \u201eVINKOVO U ILOKU\u201c21. sije\u010dnja 2023. godine Program manifestacije:SUBOTA, 21.1.2023.8:30 \u2013 okupljanje na startu Vukovo (300 m nakon skretanja sa obilaznice prema ekonomijiVukovo) uz okrijepu: kruha i masti te pekmeza, kava, \u010daj, rakija9:00 \u2013 polazak na planinarski izlet prema vidikovcu Skandala i vrhu LiskaRuta: Vukovo \u2013 Kri\u017e \u2013 [&hellip;]<\/p>\n","protected":false},"author":1,"featured_media":1206,"comment_status":"closed","ping_status":"open","sticky":false,"template":"","format":"standard","meta":{"_et_pb_use_builder":"on","_et_pb_old_content":"","_et_gb_content_width":"1080","footnotes":""},"categories":[37],"tags":[],"class_list":["post-1202","post","type-post","status-publish","format-standard","has-post-thumbnail","hentry","category-37"],"_links":{"self":[{"href":"https:\/\/www.slavonski-planinari.hr\/arhiva\/wp-json\/wp\/v2\/posts\/1202","targetHints":{"allow":["GET"]}}],"collection":[{"href":"https:\/\/www.slavonski-planinari.hr\/arhiva\/wp-json\/wp\/v2\/posts"}],"about":[{"href":"https:\/\/www.slavonski-planinari.hr\/arhiva\/wp-json\/wp\/v2\/types\/post"}],"author":[{"embeddable":true,"href":"https:\/\/www.slavonski-planinari.hr\/arhiva\/wp-json\/wp\/v2\/users\/1"}],"replies":[{"embeddable":true,"href":"https:\/\/www.slavonski-planinari.hr\/arhiva\/wp-json\/wp\/v2\/comments?post=1202"}],"version-history":[{"count":0,"href":"https:\/\/www.slavonski-planinari.hr\/arhiva\/wp-json\/wp\/v2\/posts\/1202\/revisions"}],"wp:featuredmedia":[{"embeddable":true,"href":"https:\/\/www.slavonski-planinari.hr\/arhiva\/wp-json\/wp\/v2\/media\/1206"}],"wp:attachment":[{"href":"https:\/\/www.slavonski-planinari.hr\/arhiva\/wp-json\/wp\/v2\/media?parent=1202"}],"wp:term":[{"taxonomy":"category","embeddable":true,"href":"https:\/\/www.slavonski-planinari.hr\/arhiva\/wp-json\/wp\/v2\/categories?post=1202"},{"taxonomy":"post_tag","embeddable":true,"href":"https:\/\/www.slavonski-planinari.hr\/arhiva\/wp-json\/wp\/v2\/tags?post=1202"}],"curies":[{"name":"wp","href":"https:\/\/api.w.org\/{rel}","templated":true}]}}