{"id":1140,"date":"2011-01-26T11:36:00","date_gmt":"2011-01-26T10:36:00","guid":{"rendered":"https:\/\/www.slavonski-planinari.hr\/arhiva\/wp\/?p=1140"},"modified":"2022-12-30T11:42:03","modified_gmt":"2022-12-30T10:42:03","slug":"foto-dia-festival","status":"publish","type":"post","link":"https:\/\/www.slavonski-planinari.hr\/arhiva\/foto-dia-festival\/","title":{"rendered":"Foto-dia festival"},"content":{"rendered":"<p>[et_pb_section fb_built=&#8221;1&#8243; _builder_version=&#8221;4.19.4&#8243; _module_preset=&#8221;default&#8221; custom_padding=&#8221;4px||72px|||&#8221; global_colors_info=&#8221;{}&#8221; theme_builder_area=&#8221;post_content&#8221;][et_pb_row _builder_version=&#8221;4.19.4&#8243; _module_preset=&#8221;default&#8221; global_colors_info=&#8221;{}&#8221; theme_builder_area=&#8221;post_content&#8221;][et_pb_column type=&#8221;4_4&#8243; _builder_version=&#8221;4.19.4&#8243; _module_preset=&#8221;default&#8221; global_colors_info=&#8221;{}&#8221; theme_builder_area=&#8221;post_content&#8221;][et_pb_text _builder_version=&#8221;4.19.4&#8243; _module_preset=&#8221;default&#8221; hover_enabled=&#8221;0&#8243; global_colors_info=&#8221;{}&#8221; theme_builder_area=&#8221;post_content&#8221; sticky_enabled=&#8221;0&#8243;]<\/p>\n<p style=\"text-align: justify;\"><span id=\"entryinfo\">Hrvatsko planinarsko dru\u0161tvo \u201cSunovrat\u201d iz \u0110ur\u0111enovca slavi Dan dru\u0161tva &#8211; &#8220;Sunovratovo&#8221;. Kao i svake godine, u sklopu proslave, odr\u017eat \u0107e se planinarski Foto-dia festival, te prigodni planinarski pohod Krndijom ili Papukom.<\/span><\/p>\n<p>[\/et_pb_text][et_pb_image src=&#8221;https:\/\/www.slavonski-planinari.hr\/arhiva\/wp-content\/uploads\/2022\/12\/drz_nedaj-300&#215;229.jpg&#8221; _builder_version=&#8221;4.19.4&#8243; _module_preset=&#8221;default&#8221; theme_builder_area=&#8221;post_content&#8221; title_text=&#8221;OLYMPUS DIGITAL CAMERA&#8221; align=&#8221;center&#8221; hover_enabled=&#8221;0&#8243; sticky_enabled=&#8221;0&#8243;][\/et_pb_image][et_pb_text _builder_version=&#8221;4.19.4&#8243; _module_preset=&#8221;default&#8221; theme_builder_area=&#8221;post_content&#8221; hover_enabled=&#8221;0&#8243; sticky_enabled=&#8221;0&#8243;]<\/p>\n<p style=\"text-align: center;\"><em>Autor: Darko Tosenberger, \u201cDr\u017e nedaj\u201d<\/em><\/p>\n<p style=\"text-align: justify;\"><span id=\"entryinfo\"><br \/>Foto-dia festival odr\u017eat \u0107e se u subotu, 29. sije\u010dnja, s po\u010detkom u 19 sati, u Osnovnoj \u0161koli J.J.Strossmayera, ulica K.A.Stepinca bb, \u0110ur\u0111enovac. Fotografije \u0107e biti izlo\u017eene na panoima, a projekcija je sastavni dio cjelove\u010dernjeg programa. Nakon podjele priznanja i nagrada priredit \u0107e se planinarsko dru\u017eenje i veselica.<\/span><\/p>\n<p>[\/et_pb_text][\/et_pb_column][\/et_pb_row][\/et_pb_section]<\/p>\n","protected":false},"excerpt":{"rendered":"<p>Hrvatsko planinarsko dru\u0161tvo \u201cSunovrat\u201d iz \u0110ur\u0111enovca slavi Dan dru\u0161tva &#8211; &#8220;Sunovratovo&#8221;. Kao i svake godine, u sklopu proslave, odr\u017eat \u0107e se planinarski Foto-dia festival, te prigodni planinarski pohod Krndijom ili Papukom.Autor: Darko Tosenberger, \u201cDr\u017e nedaj\u201d Foto-dia festival odr\u017eat \u0107e se u subotu, 29. sije\u010dnja, s po\u010detkom u 19 sati, u Osnovnoj \u0161koli J.J.Strossmayera, ulica K.A.Stepinca [&hellip;]<\/p>\n","protected":false},"author":1,"featured_media":0,"comment_status":"closed","ping_status":"open","sticky":false,"template":"","format":"standard","meta":{"_et_pb_use_builder":"on","_et_pb_old_content":"","_et_gb_content_width":"1080","footnotes":""},"categories":[25],"tags":[],"class_list":["post-1140","post","type-post","status-publish","format-standard","hentry","category-25"],"_links":{"self":[{"href":"https:\/\/www.slavonski-planinari.hr\/arhiva\/wp-json\/wp\/v2\/posts\/1140","targetHints":{"allow":["GET"]}}],"collection":[{"href":"https:\/\/www.slavonski-planinari.hr\/arhiva\/wp-json\/wp\/v2\/posts"}],"about":[{"href":"https:\/\/www.slavonski-planinari.hr\/arhiva\/wp-json\/wp\/v2\/types\/post"}],"author":[{"embeddable":true,"href":"https:\/\/www.slavonski-planinari.hr\/arhiva\/wp-json\/wp\/v2\/users\/1"}],"replies":[{"embeddable":true,"href":"https:\/\/www.slavonski-planinari.hr\/arhiva\/wp-json\/wp\/v2\/comments?post=1140"}],"version-history":[{"count":0,"href":"https:\/\/www.slavonski-planinari.hr\/arhiva\/wp-json\/wp\/v2\/posts\/1140\/revisions"}],"wp:attachment":[{"href":"https:\/\/www.slavonski-planinari.hr\/arhiva\/wp-json\/wp\/v2\/media?parent=1140"}],"wp:term":[{"taxonomy":"category","embeddable":true,"href":"https:\/\/www.slavonski-planinari.hr\/arhiva\/wp-json\/wp\/v2\/categories?post=1140"},{"taxonomy":"post_tag","embeddable":true,"href":"https:\/\/www.slavonski-planinari.hr\/arhiva\/wp-json\/wp\/v2\/tags?post=1140"}],"curies":[{"name":"wp","href":"https:\/\/api.w.org\/{rel}","templated":true}]}}