{"id":1137,"date":"2011-01-01T11:31:00","date_gmt":"2011-01-01T10:31:00","guid":{"rendered":"https:\/\/www.slavonski-planinari.hr\/arhiva\/wp\/?p=1137"},"modified":"2023-01-02T10:34:57","modified_gmt":"2023-01-02T09:34:57","slug":"planinarska-skola-planinarski-vodici","status":"publish","type":"post","link":"https:\/\/www.slavonski-planinari.hr\/arhiva\/planinarska-skola-planinarski-vodici\/","title":{"rendered":"Planinarska \u0161kola: Planinarski vodi\u010di"},"content":{"rendered":"<p>[et_pb_section fb_built=&#8221;1&#8243; _builder_version=&#8221;4.19.4&#8243; _module_preset=&#8221;default&#8221; custom_padding=&#8221;4px||72px|||&#8221; global_colors_info=&#8221;{}&#8221; theme_builder_area=&#8221;post_content&#8221;][et_pb_row _builder_version=&#8221;4.19.4&#8243; _module_preset=&#8221;default&#8221; global_colors_info=&#8221;{}&#8221; theme_builder_area=&#8221;post_content&#8221;][et_pb_column type=&#8221;4_4&#8243; _builder_version=&#8221;4.19.4&#8243; _module_preset=&#8221;default&#8221; global_colors_info=&#8221;{}&#8221; theme_builder_area=&#8221;post_content&#8221;][et_pb_text _builder_version=&#8221;4.19.4&#8243; _module_preset=&#8221;default&#8221; hover_enabled=&#8221;0&#8243; global_colors_info=&#8221;{}&#8221; theme_builder_area=&#8221;post_content&#8221; sticky_enabled=&#8221;0&#8243;]<\/p>\n<div class=\"itemIntroText\">\n<p style=\"text-align: justify;\">Za odr\u017eavanje planinarskog izleta potrebne su markirane staze i planinarski vodi\u010di. Planinarski vodi\u010d nije isto \u0161to i vo\u0111a izleta\/grupe. Vo\u0111a izleta ili grupe je osoba koja u dogovoru s planinarskim vodi\u010dem kreira program izleta, ugovara prijevoz, no\u0107enje, prehranu, neplaninarski dio programa, prikuplja novac od u\u010desnika i pla\u0107a nastale tro\u0161kove i sl., te odgovara za ukupnu organizaciju izleta.<\/p>\n<\/div>\n<div class=\"itemFullText\">\n<p style=\"text-align: justify;\">\n<p style=\"text-align: justify;\">Planinarski vodi\u010d je:<\/p>\n<ul style=\"text-align: justify;\">\n<li>knji\u017eica s opisom planine, odre\u0111enog planinskog podru\u010dja,.. i\/ili<\/li>\n<li>planinar koji vodi izlet.<\/li>\n<\/ul>\n<p style=\"text-align: justify;\">Planinarski vodi\u010d naj\u010de\u0161\u0107e je osoba kojoj je podru\u010dje na kome se izlet organizira domicilno ili dobro poznato. Na manjim i kra\u0107im izletima, naro\u010dito u bli\u017eu okolicu vo\u0111a izleta\/grupe i planinarski vodi\u010d je u liku iste osobe.<\/p>\n<p style=\"text-align: justify;\">\n<p style=\"text-align: justify;\">Planinarski vodi\u010d je osoba koja:<\/p>\n<ul style=\"text-align: justify;\">\n<li>dobro poznaje prostor u koji vodi ljude i\/ili je spretan u snala\u017eenju na terenu,<\/li>\n<li>ima sposobnost vo\u0111enja i organiziranja skupine.<\/li>\n<\/ul>\n<p style=\"text-align: justify;\">\n<p style=\"text-align: justify;\">Glavni zadatak:<\/p>\n<ul style=\"text-align: justify;\">\n<li>planinarskog vodi\u010da \u2013 je da ne izgubi ni jednog sudionika izleta,<\/li>\n<li>sudionika izleta \u2013 je da ne izgubi planinarskog vodi\u010da (iz vida).<\/li>\n<\/ul>\n<p style=\"text-align: justify;\">\n<p style=\"text-align: justify;\">Planinarski vodi\u010d je :<\/p>\n<ul style=\"text-align: justify;\">\n<li>moralno i krivi\u010dno odgovoran za skupinu koju vodi, ali na izlet svatko ide na vlastitu odgovornost i snosi odgovornost za svoje postupke,<\/li>\n<li>u slu\u010daju nesre\u0107e du\u017ean je organizirati pomo\u0107 i sprije\u010diti \u0161irenje panike,<\/li>\n<li>slu\u017ebeno lice koje ne u svoje, nego u ime dru\u0161tva, ali na osobnu odgovornost organizira izlet i on je pred zakonom odgovoran za sve nesre\u0107e od trenutka polaska do trenutka povratka.<\/li>\n<\/ul>\n<p style=\"text-align: justify;\">\n<p style=\"text-align: justify;\">Planinarski vodi\u010d ima &#8211; pravo \u00ab zapovijedanja \u00bb grupom, \u0161to podrazumijeva:<\/p>\n<ul style=\"text-align: justify;\">\n<li>diskreciono pravo nakon osobne procjene zdravstvene i kondicijske sposobnosti u\u010desnika zabraniti polazak na izlet ili odlazak na vrh pojedinog u\u010desnika &#8211; ali ga ne ostaviti \u00abna cjedilu\u00bb u planini,<\/li>\n<li>pravo isklju\u010diti u\u010desnika iz skupine \u2013 ako ga zbog toga ne\u0107e dovesti u opasnost.<\/li>\n<\/ul>\n<p style=\"text-align: justify;\">\n<p style=\"text-align: justify;\">Kada se u\u010desnik\/ci neodgovorno ili neadekvatno pona\u0161a\/ju planinarski vodi\u010d:<\/p>\n<ul style=\"text-align: justify;\">\n<li>upozorava u\u010desnika\/e o toj okolnosti, javno, pred grupom skida odgovornost sa sebe za pona\u0161anje pojedinih u\u010desnika ili grupe.<\/li>\n<\/ul>\n<p style=\"text-align: justify;\">Planinarski vodi\u010di se organiziranjem izleta bave dragovoljno, ali ne svojevoljno i zato u\u010desnici nemaju pravo prigovarati i ogovarati. U\u010desnik grupe dolaskom na izlet automatski se obvezuje na grupnu disciplinu i slu\u0161anje planinarskog vodi\u010da.<\/p>\n<p style=\"text-align: right;\">Osijek I\/2009.<br \/>\u0110or\u0111e Bali\u0107<br \/>vodi\u010d dru\u0161tvenih izleta<br \/>HPD\u201cZanatlija\u201cOsijek<\/p>\n<\/div>\n<p>[\/et_pb_text][\/et_pb_column][\/et_pb_row][\/et_pb_section]<\/p>\n","protected":false},"excerpt":{"rendered":"<p>Za odr\u017eavanje planinarskog izleta potrebne su markirane staze i planinarski vodi\u010di. Planinarski vodi\u010d nije isto \u0161to i vo\u0111a izleta\/grupe. Vo\u0111a izleta ili grupe je osoba koja u dogovoru s planinarskim vodi\u010dem kreira program izleta, ugovara prijevoz, no\u0107enje, prehranu, neplaninarski dio programa, prikuplja novac od u\u010desnika i pla\u0107a nastale tro\u0161kove i sl., te odgovara za ukupnu [&hellip;]<\/p>\n","protected":false},"author":1,"featured_media":0,"comment_status":"closed","ping_status":"open","sticky":false,"template":"","format":"standard","meta":{"_et_pb_use_builder":"on","_et_pb_old_content":"","_et_gb_content_width":"1080","footnotes":""},"categories":[25],"tags":[],"class_list":["post-1137","post","type-post","status-publish","format-standard","hentry","category-25"],"_links":{"self":[{"href":"https:\/\/www.slavonski-planinari.hr\/arhiva\/wp-json\/wp\/v2\/posts\/1137","targetHints":{"allow":["GET"]}}],"collection":[{"href":"https:\/\/www.slavonski-planinari.hr\/arhiva\/wp-json\/wp\/v2\/posts"}],"about":[{"href":"https:\/\/www.slavonski-planinari.hr\/arhiva\/wp-json\/wp\/v2\/types\/post"}],"author":[{"embeddable":true,"href":"https:\/\/www.slavonski-planinari.hr\/arhiva\/wp-json\/wp\/v2\/users\/1"}],"replies":[{"embeddable":true,"href":"https:\/\/www.slavonski-planinari.hr\/arhiva\/wp-json\/wp\/v2\/comments?post=1137"}],"version-history":[{"count":0,"href":"https:\/\/www.slavonski-planinari.hr\/arhiva\/wp-json\/wp\/v2\/posts\/1137\/revisions"}],"wp:attachment":[{"href":"https:\/\/www.slavonski-planinari.hr\/arhiva\/wp-json\/wp\/v2\/media?parent=1137"}],"wp:term":[{"taxonomy":"category","embeddable":true,"href":"https:\/\/www.slavonski-planinari.hr\/arhiva\/wp-json\/wp\/v2\/categories?post=1137"},{"taxonomy":"post_tag","embeddable":true,"href":"https:\/\/www.slavonski-planinari.hr\/arhiva\/wp-json\/wp\/v2\/tags?post=1137"}],"curies":[{"name":"wp","href":"https:\/\/api.w.org\/{rel}","templated":true}]}}